{"id":1285,"date":"2015-12-31T09:53:13","date_gmt":"2015-12-31T08:53:13","guid":{"rendered":"http:\/\/oliveiro.es\/portal\/blog\/?p=1285"},"modified":"2023-09-13T14:48:53","modified_gmt":"2023-09-13T13:48:53","slug":"feliz-ano-2016","status":"publish","type":"post","link":"https:\/\/oliveiro.es\/portal\/blog\/feliz-ano-2016\/","title":{"rendered":"Feliz a\u00f1o 2016"},"content":{"rendered":"<p><iframe loading=\"lazy\" src=\"\/\/player.vimeo.com\/video\/150281477\" width=\"500\" height=\"281\" frameborder=\"0\" allowfullscreen=\"allowfullscreen\"><\/iframe><\/p>\n<p><a href=\"http:\/\/vimeo.com\/115511870\">Feliz a\u00f1o 2016<\/a> from <a href=\"http:\/\/vimeo.com\/dumas\">dumas<\/a> on <a href=\"https:\/\/vimeo.com\">Vimeo<\/a>.<\/p>\n<p>M\u00fasica de Oliveiro Dumas. Canta <a href=\"https:\/\/www.facebook.com\/barbaragandia\">B\u00e1rbara Gand\u00eda<\/a><\/p>\n","protected":false},"excerpt":{"rendered":"<p>Feliz a\u00f1o 2016 from dumas on Vimeo. M\u00fasica de Oliveiro Dumas. Canta B\u00e1rbara Gand\u00eda<\/p>\n","protected":false},"author":2,"featured_media":1291,"comment_status":"open","ping_status":"closed","sticky":false,"template":"","format":"video","meta":{"footnotes":""},"categories":[79,3],"tags":[52,77,20,19,54],"class_list":["post-1285","post","type-post","status-publish","format-video","has-post-thumbnail","hentry","category-felicitaciones","category-ilustraciones-musica-cortometrajes-videos","tag-ano-nuevo","tag-animaciones","tag-felicitacion","tag-felicitacion-navidena","tag-video-2","post_format-post-format-video","column","threecol"],"_links":{"self":[{"href":"https:\/\/oliveiro.es\/portal\/blog\/wp-json\/wp\/v2\/posts\/1285","targetHints":{"allow":["GET"]}}],"collection":[{"href":"https:\/\/oliveiro.es\/portal\/blog\/wp-json\/wp\/v2\/posts"}],"about":[{"href":"https:\/\/oliveiro.es\/portal\/blog\/wp-json\/wp\/v2\/types\/post"}],"author":[{"embeddable":true,"href":"https:\/\/oliveiro.es\/portal\/blog\/wp-json\/wp\/v2\/users\/2"}],"replies":[{"embeddable":true,"href":"https:\/\/oliveiro.es\/portal\/blog\/wp-json\/wp\/v2\/comments?post=1285"}],"version-history":[{"count":0,"href":"https:\/\/oliveiro.es\/portal\/blog\/wp-json\/wp\/v2\/posts\/1285\/revisions"}],"wp:featuredmedia":[{"embeddable":true,"href":"https:\/\/oliveiro.es\/portal\/blog\/wp-json\/wp\/v2\/media\/1291"}],"wp:attachment":[{"href":"https:\/\/oliveiro.es\/portal\/blog\/wp-json\/wp\/v2\/media?parent=1285"}],"wp:term":[{"taxonomy":"category","embeddable":true,"href":"https:\/\/oliveiro.es\/portal\/blog\/wp-json\/wp\/v2\/categories?post=1285"},{"taxonomy":"post_tag","embeddable":true,"href":"https:\/\/oliveiro.es\/portal\/blog\/wp-json\/wp\/v2\/tags?post=1285"}],"curies":[{"name":"wp","href":"https:\/\/api.w.org\/{rel}","templated":true}]}}