{"id":1881,"date":"2019-06-16T08:09:40","date_gmt":"2019-06-16T07:09:40","guid":{"rendered":"http:\/\/oliveiro.es\/portal\/blog\/?p=1881"},"modified":"2023-09-13T14:48:53","modified_gmt":"2023-09-13T13:48:53","slug":"cartel-concierto","status":"publish","type":"post","link":"https:\/\/oliveiro.es\/portal\/blog\/cartel-concierto\/","title":{"rendered":"Cartel concierto Los Mocetones"},"content":{"rendered":"\n<figure class=\"wp-block-image\"><img loading=\"lazy\" decoding=\"async\" width=\"510\" height=\"510\" src=\"https:\/\/oliveiro.es\/portal\/blog\/wp-content\/uploads\/2019\/06\/mocetones045_recorta\u0301-1-510x510.jpg\" alt=\"\" class=\"wp-image-1889\" srcset=\"https:\/\/oliveiro.es\/portal\/blog\/wp-content\/uploads\/2019\/06\/mocetones045_recorta\u0301-1-510x510.jpg 510w, https:\/\/oliveiro.es\/portal\/blog\/wp-content\/uploads\/2019\/06\/mocetones045_recorta\u0301-1-150x150.jpg 150w, https:\/\/oliveiro.es\/portal\/blog\/wp-content\/uploads\/2019\/06\/mocetones045_recorta\u0301-1-300x300.jpg 300w, https:\/\/oliveiro.es\/portal\/blog\/wp-content\/uploads\/2019\/06\/mocetones045_recorta\u0301-1-768x768.jpg 768w, https:\/\/oliveiro.es\/portal\/blog\/wp-content\/uploads\/2019\/06\/mocetones045_recorta\u0301-1-432x432.jpg 432w, https:\/\/oliveiro.es\/portal\/blog\/wp-content\/uploads\/2019\/06\/mocetones045_recorta\u0301-1-268x268.jpg 268w, https:\/\/oliveiro.es\/portal\/blog\/wp-content\/uploads\/2019\/06\/mocetones045_recorta\u0301-1-700x700.jpg 700w, https:\/\/oliveiro.es\/portal\/blog\/wp-content\/uploads\/2019\/06\/mocetones045_recorta\u0301-1.jpg 984w\" sizes=\"auto, (max-width: 510px) 100vw, 510px\" \/><\/figure>\n\n\n\n<p>D\u00eda <strong>23 de junio<\/strong> de 2019 en el espacio <strong>Amstel Art de Veles e Vents<\/strong> (puerto de Valencia) a las <strong>12:00 horas del mediod\u00eda<\/strong>, actuaci\u00f3n de Los Mocetones (teloneros, The Batx-Lords). Los ni\u00f1os de 0 a 14 a\u00f1os gratis.<\/p>\n\n\n\n<p><strong>\u00a1\u00a1ENTRADA ECON\u00d3MICA: HEMOS REBAJADO EL PRECIO A 6\u20ac!!<\/strong><\/p>\n\n\n\n<p><\/p>\n","protected":false},"excerpt":{"rendered":"<p>D\u00eda 23 de junio de 2019 en el espacio Amstel Art de Veles e Vents (puerto de Valencia) a las 12:00 horas del mediod\u00eda, actuaci\u00f3n de Los Mocetones (teloneros, The Batx-Lords). Los ni\u00f1os de 0 a 14 a\u00f1os gratis. \u00a1\u00a1ENTRADA ECON\u00d3MICA: HEMOS REBAJADO EL PRECIO A 6\u20ac!!<\/p>\n","protected":false},"author":2,"featured_media":1882,"comment_status":"open","ping_status":"closed","sticky":false,"template":"","format":"standard","meta":{"footnotes":""},"categories":[3],"tags":[],"class_list":["post-1881","post","type-post","status-publish","format-standard","has-post-thumbnail","hentry","category-ilustraciones-musica-cortometrajes-videos","column","threecol","has-thumbnail"],"_links":{"self":[{"href":"https:\/\/oliveiro.es\/portal\/blog\/wp-json\/wp\/v2\/posts\/1881","targetHints":{"allow":["GET"]}}],"collection":[{"href":"https:\/\/oliveiro.es\/portal\/blog\/wp-json\/wp\/v2\/posts"}],"about":[{"href":"https:\/\/oliveiro.es\/portal\/blog\/wp-json\/wp\/v2\/types\/post"}],"author":[{"embeddable":true,"href":"https:\/\/oliveiro.es\/portal\/blog\/wp-json\/wp\/v2\/users\/2"}],"replies":[{"embeddable":true,"href":"https:\/\/oliveiro.es\/portal\/blog\/wp-json\/wp\/v2\/comments?post=1881"}],"version-history":[{"count":0,"href":"https:\/\/oliveiro.es\/portal\/blog\/wp-json\/wp\/v2\/posts\/1881\/revisions"}],"wp:featuredmedia":[{"embeddable":true,"href":"https:\/\/oliveiro.es\/portal\/blog\/wp-json\/wp\/v2\/media\/1882"}],"wp:attachment":[{"href":"https:\/\/oliveiro.es\/portal\/blog\/wp-json\/wp\/v2\/media?parent=1881"}],"wp:term":[{"taxonomy":"category","embeddable":true,"href":"https:\/\/oliveiro.es\/portal\/blog\/wp-json\/wp\/v2\/categories?post=1881"},{"taxonomy":"post_tag","embeddable":true,"href":"https:\/\/oliveiro.es\/portal\/blog\/wp-json\/wp\/v2\/tags?post=1881"}],"curies":[{"name":"wp","href":"https:\/\/api.w.org\/{rel}","templated":true}]}}