{"id":2057,"date":"2020-12-31T21:20:52","date_gmt":"2020-12-31T20:20:52","guid":{"rendered":"https:\/\/oliveiro.es\/portal\/blog\/?p=2057"},"modified":"2023-09-13T14:01:43","modified_gmt":"2023-09-13T13:01:43","slug":"feliz-ano-2021","status":"publish","type":"post","link":"https:\/\/oliveiro.es\/portal\/blog\/feliz-ano-2021\/","title":{"rendered":"Feliz a\u00f1o 2021"},"content":{"rendered":"\n<iframe loading=\"lazy\" src=\"https:\/\/player.vimeo.com\/video\/496093863\" allow=\"autoplay; fullscreen\" allowfullscreen=\"\" width=\"640\" height=\"360\" frameborder=\"0\"><\/iframe>\n\nMensaje del autor acerca del 2020&#8230; Dese\u00e9 un feliz 2020, pero la cosa no me sali\u00f3 del todo bien&#8230; Veremos este a\u00f1o qu\u00e9 tal&#8230;\n\n\n\n<p>Colaboraci\u00f3n de Guillem y m\u00fasica de Oliveiro Dumas<\/p>\n\n\n<figure id=\"attachment_2062\" aria-describedby=\"caption-attachment-2062\" style=\"width: 150px\" class=\"wp-caption alignleft\"><a href=\"https:\/\/oliveiro.es\/portal\/blog\/wp-content\/uploads\/2020\/12\/story-2021-scaled.jpg\"><img loading=\"lazy\" decoding=\"async\" class=\"wp-image-2062 size-thumbnail\" src=\"https:\/\/oliveiro.es\/portal\/blog\/wp-content\/uploads\/2020\/12\/story-2021-150x150.jpg\" alt=\"\" width=\"150\" height=\"150\" srcset=\"https:\/\/oliveiro.es\/portal\/blog\/wp-content\/uploads\/2020\/12\/story-2021-150x150.jpg 150w, https:\/\/oliveiro.es\/portal\/blog\/wp-content\/uploads\/2020\/12\/story-2021-432x432.jpg 432w, https:\/\/oliveiro.es\/portal\/blog\/wp-content\/uploads\/2020\/12\/story-2021-268x268.jpg 268w\" sizes=\"auto, (max-width: 150px) 100vw, 150px\" \/><\/a><figcaption id=\"caption-attachment-2062\" class=\"wp-caption-text\">Story de la animaci\u00f3n<\/figcaption><\/figure>","protected":false},"excerpt":{"rendered":"<p>Mensaje del autor acerca del 2020&#8230; Dese\u00e9 un feliz 2020, pero la cosa no me sali\u00f3 del todo bien&#8230; Veremos este a\u00f1o qu\u00e9 tal&#8230; Colaboraci\u00f3n de Guillem y m\u00fasica de Oliveiro Dumas<\/p>\n","protected":false},"author":2,"featured_media":2058,"comment_status":"open","ping_status":"closed","sticky":false,"template":"","format":"video","meta":{"footnotes":""},"categories":[79,3],"tags":[],"class_list":["post-2057","post","type-post","status-publish","format-video","has-post-thumbnail","hentry","category-felicitaciones","category-ilustraciones-musica-cortometrajes-videos","post_format-post-format-video","column","threecol"],"_links":{"self":[{"href":"https:\/\/oliveiro.es\/portal\/blog\/wp-json\/wp\/v2\/posts\/2057","targetHints":{"allow":["GET"]}}],"collection":[{"href":"https:\/\/oliveiro.es\/portal\/blog\/wp-json\/wp\/v2\/posts"}],"about":[{"href":"https:\/\/oliveiro.es\/portal\/blog\/wp-json\/wp\/v2\/types\/post"}],"author":[{"embeddable":true,"href":"https:\/\/oliveiro.es\/portal\/blog\/wp-json\/wp\/v2\/users\/2"}],"replies":[{"embeddable":true,"href":"https:\/\/oliveiro.es\/portal\/blog\/wp-json\/wp\/v2\/comments?post=2057"}],"version-history":[{"count":0,"href":"https:\/\/oliveiro.es\/portal\/blog\/wp-json\/wp\/v2\/posts\/2057\/revisions"}],"wp:featuredmedia":[{"embeddable":true,"href":"https:\/\/oliveiro.es\/portal\/blog\/wp-json\/wp\/v2\/media\/2058"}],"wp:attachment":[{"href":"https:\/\/oliveiro.es\/portal\/blog\/wp-json\/wp\/v2\/media?parent=2057"}],"wp:term":[{"taxonomy":"category","embeddable":true,"href":"https:\/\/oliveiro.es\/portal\/blog\/wp-json\/wp\/v2\/categories?post=2057"},{"taxonomy":"post_tag","embeddable":true,"href":"https:\/\/oliveiro.es\/portal\/blog\/wp-json\/wp\/v2\/tags?post=2057"}],"curies":[{"name":"wp","href":"https:\/\/api.w.org\/{rel}","templated":true}]}}