{"id":2815,"date":"2026-03-11T09:43:28","date_gmt":"2026-03-11T08:43:28","guid":{"rendered":"https:\/\/oliveiro.es\/portal\/blog\/?p=2815"},"modified":"2026-03-11T09:45:04","modified_gmt":"2026-03-11T08:45:04","slug":"posteres-presentados-en-avis-2026","status":"publish","type":"post","link":"https:\/\/oliveiro.es\/portal\/blog\/posteres-presentados-en-avis-2026\/","title":{"rendered":"P\u00f3steres presentados en AVIS@ 2026"},"content":{"rendered":"\n<p>Este a\u00f1o he dise\u00f1ado un par de comunicaciones para las Jornadas T\u00e9cnicas de la <a href=\"https:\/\/www.avisados.org\/web\/\">Asociaci\u00f3n Valenciana de Inform\u00e1ticos de Sanidad<\/a><\/p>\n\n\n\n<figure class=\"wp-block-gallery has-nested-images columns-default is-cropped wp-block-gallery-1 is-layout-flex wp-block-gallery-is-layout-flex\">\n<figure class=\"wp-block-image size-large\"><a href=\"https:\/\/oliveiro.es\/portal\/blog\/wp-content\/uploads\/2026\/03\/poster11_b.png\"><img loading=\"lazy\" decoding=\"async\" width=\"510\" height=\"834\" data-id=\"2816\" src=\"https:\/\/oliveiro.es\/portal\/blog\/wp-content\/uploads\/2026\/03\/poster11_b-510x834.png\" alt=\"\" class=\"wp-image-2816\" srcset=\"https:\/\/oliveiro.es\/portal\/blog\/wp-content\/uploads\/2026\/03\/poster11_b-510x834.png 510w, https:\/\/oliveiro.es\/portal\/blog\/wp-content\/uploads\/2026\/03\/poster11_b-184x300.png 184w, https:\/\/oliveiro.es\/portal\/blog\/wp-content\/uploads\/2026\/03\/poster11_b-768x1255.png 768w, https:\/\/oliveiro.es\/portal\/blog\/wp-content\/uploads\/2026\/03\/poster11_b-940x1536.png 940w, https:\/\/oliveiro.es\/portal\/blog\/wp-content\/uploads\/2026\/03\/poster11_b-1253x2048.png 1253w, https:\/\/oliveiro.es\/portal\/blog\/wp-content\/uploads\/2026\/03\/poster11_b-700x1144.png 700w, https:\/\/oliveiro.es\/portal\/blog\/wp-content\/uploads\/2026\/03\/poster11_b-332x543.png 332w, https:\/\/oliveiro.es\/portal\/blog\/wp-content\/uploads\/2026\/03\/poster11_b.png 1474w\" sizes=\"auto, (max-width: 510px) 100vw, 510px\" \/><\/a><\/figure>\n\n\n\n<figure class=\"wp-block-image size-large\"><a href=\"https:\/\/oliveiro.es\/portal\/blog\/wp-content\/uploads\/2026\/03\/poster6.jpg\"><img loading=\"lazy\" decoding=\"async\" width=\"510\" height=\"834\" data-id=\"2817\" src=\"https:\/\/oliveiro.es\/portal\/blog\/wp-content\/uploads\/2026\/03\/poster6-510x834.jpg\" alt=\"\" class=\"wp-image-2817\" srcset=\"https:\/\/oliveiro.es\/portal\/blog\/wp-content\/uploads\/2026\/03\/poster6-510x834.jpg 510w, https:\/\/oliveiro.es\/portal\/blog\/wp-content\/uploads\/2026\/03\/poster6-184x300.jpg 184w, https:\/\/oliveiro.es\/portal\/blog\/wp-content\/uploads\/2026\/03\/poster6-768x1255.jpg 768w, https:\/\/oliveiro.es\/portal\/blog\/wp-content\/uploads\/2026\/03\/poster6-940x1536.jpg 940w, https:\/\/oliveiro.es\/portal\/blog\/wp-content\/uploads\/2026\/03\/poster6-1253x2048.jpg 1253w, https:\/\/oliveiro.es\/portal\/blog\/wp-content\/uploads\/2026\/03\/poster6-700x1144.jpg 700w, https:\/\/oliveiro.es\/portal\/blog\/wp-content\/uploads\/2026\/03\/poster6-332x543.jpg 332w, https:\/\/oliveiro.es\/portal\/blog\/wp-content\/uploads\/2026\/03\/poster6.jpg 1474w\" sizes=\"auto, (max-width: 510px) 100vw, 510px\" \/><\/a><\/figure>\n<\/figure>\n","protected":false},"excerpt":{"rendered":"<p>Este a\u00f1o he dise\u00f1ado un par de comunicaciones para las Jornadas T\u00e9cnicas de la Asociaci\u00f3n Valenciana de Inform\u00e1ticos de Sanidad<\/p>\n","protected":false},"author":2,"featured_media":2817,"comment_status":"open","ping_status":"closed","sticky":false,"template":"","format":"standard","meta":{"footnotes":""},"categories":[3],"tags":[11,76],"class_list":["post-2815","post","type-post","status-publish","format-standard","has-post-thumbnail","hentry","category-ilustraciones-musica-cortometrajes-videos","tag-ilustracion","tag-ilustraciones","column","threecol","has-thumbnail"],"_links":{"self":[{"href":"https:\/\/oliveiro.es\/portal\/blog\/wp-json\/wp\/v2\/posts\/2815","targetHints":{"allow":["GET"]}}],"collection":[{"href":"https:\/\/oliveiro.es\/portal\/blog\/wp-json\/wp\/v2\/posts"}],"about":[{"href":"https:\/\/oliveiro.es\/portal\/blog\/wp-json\/wp\/v2\/types\/post"}],"author":[{"embeddable":true,"href":"https:\/\/oliveiro.es\/portal\/blog\/wp-json\/wp\/v2\/users\/2"}],"replies":[{"embeddable":true,"href":"https:\/\/oliveiro.es\/portal\/blog\/wp-json\/wp\/v2\/comments?post=2815"}],"version-history":[{"count":3,"href":"https:\/\/oliveiro.es\/portal\/blog\/wp-json\/wp\/v2\/posts\/2815\/revisions"}],"predecessor-version":[{"id":2820,"href":"https:\/\/oliveiro.es\/portal\/blog\/wp-json\/wp\/v2\/posts\/2815\/revisions\/2820"}],"wp:featuredmedia":[{"embeddable":true,"href":"https:\/\/oliveiro.es\/portal\/blog\/wp-json\/wp\/v2\/media\/2817"}],"wp:attachment":[{"href":"https:\/\/oliveiro.es\/portal\/blog\/wp-json\/wp\/v2\/media?parent=2815"}],"wp:term":[{"taxonomy":"category","embeddable":true,"href":"https:\/\/oliveiro.es\/portal\/blog\/wp-json\/wp\/v2\/categories?post=2815"},{"taxonomy":"post_tag","embeddable":true,"href":"https:\/\/oliveiro.es\/portal\/blog\/wp-json\/wp\/v2\/tags?post=2815"}],"curies":[{"name":"wp","href":"https:\/\/api.w.org\/{rel}","templated":true}]}}